{"id":1621,"date":"2015-01-16T10:42:20","date_gmt":"2015-01-16T07:42:20","guid":{"rendered":"https:\/\/ambaddisabeba.esteri.it\/news\/dall_ambasciata\/2015\/01\/visita-gentiloni\/"},"modified":"2015-01-16T10:42:20","modified_gmt":"2015-01-16T07:42:20","slug":"visita-gentiloni","status":"publish","type":"post","link":"https:\/\/ambaddisabeba.esteri.it\/it\/news\/dall_ambasciata\/2015\/01\/visita-gentiloni\/","title":{"rendered":"ETIOPIA: VISITA DEL MINISTRO DEGLI AFFARI ESTERI E DELLA COOPERAZIONE INTERNAZIONALE, ON. PAOLO GENTILONI SILVESTRI. (14-15.01.2015)"},"content":{"rendered":"<p><P>Il Ministro\u00a0 Gentiloni, accompagnato da alti funzionari del Ministero degli Affari Esteri italiano, ha incontrato il Primo Ministro della Repubblica Federale Democratica dell\u2019Etiopia Hailemariam Desalegn, il Ministro degli Affari Esteri, Teodros Adhanom ed il ministro delle finanze e dello sviluppo economico, Sufian Ahmed\u00a0 nel corso della sua visita in Etiopia il 14-15 gennaio 2015. <\/P><P>In questi incontri sono state discusse questioni bilaterali di carattere politico ed economico al fine di rafforzare ulteriormente le relazioni tra i due Paesi. E\u2019 stata in particolare annunciata la tenuta in Italia, nel secondo semestre del 2015, di un evento di presentazione al nostro mondo economico delle opportunita\u2019 offerte dal mercato etiopico. <\/P><br \/>\n<P>\u00a0I colloqui hanno anche interessato le principali tematiche regionali, quali la Somalia ed il Sud Sudan, alla luce della co-presidenza italiana dell\u2019IGAD Partners Forum.\u00a0 <\/P><br \/>\n<P>E\u2019 stato altres\u00ed firmato il Protocollo esecutivo dell\u2019<A href=\"asciata_AddisAbeba\/Menu\/I_rapporti_bilaterali\/Cooperazione culturale\"><STRONG>Accordo culturale per gli anni 2015-2019<\/STRONG><\/A>. La cultura \u00e8 infatti una componente fondamentale delle relazioni di lunga data tra l&#8217;Etiopia e l&#8217;Italia e fornir\u00e0 un importante strumento per rafforzare ulteriormente i legami gi\u00e0 solidi in questo campo. <\/P><br \/>\n<P>Per quanto riguarda la cooperazione allo sviluppo, il Ministro Gentiloni ha firmato, con il ministro delle finanze e dello sviluppo economico Sufian Ahmed, tre nuovi accordi per un ammontare di oltre 16 milioni d Euro (programma agricolo, di empowerment femminile e di sostegno al settore sanitario etiope). <\/P><br \/>\n<P>Il Ministro degli Esteri italiano ha avuto anche colloqui presso la sede dell&#8217;Unione Africa con la presidente della Commisione, Nkosazana Dlamini-Zuma, il Vice Presidente Erastus Mwencha, e il Commissario per la pace e la sicurezza Smail Chergui. <\/P><br \/>\n<P>L\u2019On. Ministro ha infine avuto uno scambio di vedute con gli imprenditori italiani in Etiopia ed un incontro informale con una vasta rappresentanza della collettivit\u00e0 italiana d\u2019Etiopia. <BR><\/P><br \/>\n<P><IMG border=\"0\" alt=\"Min. Gentiloni\" src=\"\/resource\/2015\/01\/38845_f_gentilonifirmaetiopia708x258.jpg\"><\/P><br \/>\n<P><IMG border=\"0\" alt=\"Min. Gentiloni\" src=\"\/resource\/2015\/01\/38846_f_mini.jpg\"><\/P><\/p>\n","protected":false},"excerpt":{"rendered":"Il Ministro\u00a0 Gentiloni, accompagnato da alti funzionari del Ministero degli Affari Esteri italiano, ha incontrato il Primo Ministro della Repubblica Federale Democratica dell\u2019Etiopia Hailemariam Desalegn, il Ministro degli Affari Esteri, Teodros Adhanom ed il ministro delle finanze e dello sviluppo economico, Sufian Ahmed\u00a0 nel corso della sua visita in Etiopia il 14-15 gennaio 2015. In [&hellip;]","protected":false},"author":1,"featured_media":0,"comment_status":"","ping_status":"","sticky":false,"template":"","format":"standard","meta":{"footnotes":""},"tags":[],"class_list":["post-1621","post","type-post","status-publish","format-standard","hentry"],"_links":{"self":[{"href":"https:\/\/ambaddisabeba.esteri.it\/it\/wp-json\/wp\/v2\/posts\/1621","targetHints":{"allow":["GET"]}}],"collection":[{"href":"https:\/\/ambaddisabeba.esteri.it\/it\/wp-json\/wp\/v2\/posts"}],"about":[{"href":"https:\/\/ambaddisabeba.esteri.it\/it\/wp-json\/wp\/v2\/types\/post"}],"author":[{"embeddable":true,"href":"https:\/\/ambaddisabeba.esteri.it\/it\/wp-json\/wp\/v2\/users\/1"}],"replies":[{"embeddable":true,"href":"https:\/\/ambaddisabeba.esteri.it\/it\/wp-json\/wp\/v2\/comments?post=1621"}],"version-history":[{"count":0,"href":"https:\/\/ambaddisabeba.esteri.it\/it\/wp-json\/wp\/v2\/posts\/1621\/revisions"}],"wp:attachment":[{"href":"https:\/\/ambaddisabeba.esteri.it\/it\/wp-json\/wp\/v2\/media?parent=1621"}],"wp:term":[{"taxonomy":"post_tag","embeddable":true,"href":"https:\/\/ambaddisabeba.esteri.it\/it\/wp-json\/wp\/v2\/tags?post=1621"}],"curies":[{"name":"wp","href":"https:\/\/api.w.org\/{rel}","templated":true}]}}