{"id":1542,"date":"2016-11-08T15:03:42","date_gmt":"2016-11-08T12:03:42","guid":{"rendered":"https:\/\/ambaddisabeba.esteri.it\/news\/dall_ambasciata\/2016\/11\/4-novembre-commemorazione-giornata\/"},"modified":"2016-11-08T15:03:42","modified_gmt":"2016-11-08T12:03:42","slug":"4-novembre-commemorazione-giornata","status":"publish","type":"post","link":"https:\/\/ambaddisabeba.esteri.it\/it\/news\/dall_ambasciata\/2016\/11\/4-novembre-commemorazione-giornata\/","title":{"rendered":"4 NOVEMBRE: COMMEMORAZIONE DELLA GIORNATA DELL&#8217;UNIT\u00c0 NAZIONALE E DELLE FORZE ARMATE"},"content":{"rendered":"<p>\u00c8 stata commemorata, lo scorso 4 novembre, la Giornata dell&#8217;Unit\u00e0 Nazionale e delle Forze Armate. La cerimonia \u00e8 stata effettuata presso il Cimitero militare italiano di Gulele alla presenza di Autorit\u00e0 locali e di rappresentanti della comunit\u00e0 diplomatica.<\/p>\n<p>\u00a0<\/p>\n","protected":false},"excerpt":{"rendered":"\u00c8 stata commemorata, lo scorso 4 novembre, la Giornata dell&#8217;Unit\u00e0 Nazionale e delle Forze Armate. La cerimonia \u00e8 stata effettuata presso il Cimitero militare italiano di Gulele alla presenza di Autorit\u00e0 locali e di rappresentanti della comunit\u00e0 diplomatica. \u00a0","protected":false},"author":1,"featured_media":0,"comment_status":"","ping_status":"","sticky":false,"template":"","format":"standard","meta":{"footnotes":""},"tags":[],"class_list":["post-1542","post","type-post","status-publish","format-standard","hentry"],"_links":{"self":[{"href":"https:\/\/ambaddisabeba.esteri.it\/it\/wp-json\/wp\/v2\/posts\/1542","targetHints":{"allow":["GET"]}}],"collection":[{"href":"https:\/\/ambaddisabeba.esteri.it\/it\/wp-json\/wp\/v2\/posts"}],"about":[{"href":"https:\/\/ambaddisabeba.esteri.it\/it\/wp-json\/wp\/v2\/types\/post"}],"author":[{"embeddable":true,"href":"https:\/\/ambaddisabeba.esteri.it\/it\/wp-json\/wp\/v2\/users\/1"}],"replies":[{"embeddable":true,"href":"https:\/\/ambaddisabeba.esteri.it\/it\/wp-json\/wp\/v2\/comments?post=1542"}],"version-history":[{"count":0,"href":"https:\/\/ambaddisabeba.esteri.it\/it\/wp-json\/wp\/v2\/posts\/1542\/revisions"}],"wp:attachment":[{"href":"https:\/\/ambaddisabeba.esteri.it\/it\/wp-json\/wp\/v2\/media?parent=1542"}],"wp:term":[{"taxonomy":"post_tag","embeddable":true,"href":"https:\/\/ambaddisabeba.esteri.it\/it\/wp-json\/wp\/v2\/tags?post=1542"}],"curies":[{"name":"wp","href":"https:\/\/api.w.org\/{rel}","templated":true}]}}