{"id":1529,"date":"2017-01-16T09:20:28","date_gmt":"2017-01-16T06:20:28","guid":{"rendered":"https:\/\/ambaddisabeba.esteri.it\/news\/dall_ambasciata\/2017\/01\/italy-israel-and-the-ministry-of\/"},"modified":"2017-01-16T09:20:28","modified_gmt":"2017-01-16T06:20:28","slug":"italy-israel-and-the-ministry-of","status":"publish","type":"post","link":"https:\/\/ambaddisabeba.esteri.it\/it\/news\/dall_ambasciata\/2017\/01\/italy-israel-and-the-ministry-of\/","title":{"rendered":"FIRMATO L&#8217;ACCORDO DI COLLABORAZIONE TRILATERALE IN AMBITO SANITARIO"},"content":{"rendered":"<p>E&#8217; stato firmato un Memorandum of Understanding con Israele e Ministero della Sanit\u00e0 etiopico per l\u2019iniziativa trilaterale &#8220;Cooperation in the field of health and medicine&#8221;\u00a0dall&#8217;Ambasciatore d&#8217;Italia in Etiopia, Giuseppe Mistretta,\u00a0dall\u2019Ambasciatrice di Israele in Etiopia Belaynesh Zevadia e dal nuovo Ministro della Sanit\u00e0 Yifru Berhan. La cerimonia di firma si \u00e8 svolta presso il Ministero della Sanit\u00e0\u00a0etiopico.\u00a0<\/p>\n<p>Cliccare <a href=\"resource\/doc\/2017\/01\/press_release_trilateral_agreement.pdf\">qui<\/a> per visualizzare il comunicato stampa in lingua inglese.\u00a0<\/p>\n<p>\u00a0<\/p>\n<p>\u00a0<\/p>\n<p>\u00a0<\/p>\n","protected":false},"excerpt":{"rendered":"E&#8217; stato firmato un Memorandum of Understanding con Israele e Ministero della Sanit\u00e0 etiopico per l\u2019iniziativa trilaterale &#8220;Cooperation in the field of health and medicine&#8221;\u00a0dall&#8217;Ambasciatore d&#8217;Italia in Etiopia, Giuseppe Mistretta,\u00a0dall\u2019Ambasciatrice di Israele in Etiopia Belaynesh Zevadia e dal nuovo Ministro della Sanit\u00e0 Yifru Berhan. La cerimonia di firma si \u00e8 svolta presso il Ministero della [&hellip;]","protected":false},"author":1,"featured_media":0,"comment_status":"","ping_status":"","sticky":false,"template":"","format":"standard","meta":{"footnotes":""},"tags":[],"class_list":["post-1529","post","type-post","status-publish","format-standard","hentry"],"_links":{"self":[{"href":"https:\/\/ambaddisabeba.esteri.it\/it\/wp-json\/wp\/v2\/posts\/1529","targetHints":{"allow":["GET"]}}],"collection":[{"href":"https:\/\/ambaddisabeba.esteri.it\/it\/wp-json\/wp\/v2\/posts"}],"about":[{"href":"https:\/\/ambaddisabeba.esteri.it\/it\/wp-json\/wp\/v2\/types\/post"}],"author":[{"embeddable":true,"href":"https:\/\/ambaddisabeba.esteri.it\/it\/wp-json\/wp\/v2\/users\/1"}],"replies":[{"embeddable":true,"href":"https:\/\/ambaddisabeba.esteri.it\/it\/wp-json\/wp\/v2\/comments?post=1529"}],"version-history":[{"count":0,"href":"https:\/\/ambaddisabeba.esteri.it\/it\/wp-json\/wp\/v2\/posts\/1529\/revisions"}],"wp:attachment":[{"href":"https:\/\/ambaddisabeba.esteri.it\/it\/wp-json\/wp\/v2\/media?parent=1529"}],"wp:term":[{"taxonomy":"post_tag","embeddable":true,"href":"https:\/\/ambaddisabeba.esteri.it\/it\/wp-json\/wp\/v2\/tags?post=1529"}],"curies":[{"name":"wp","href":"https:\/\/api.w.org\/{rel}","templated":true}]}}