{"id":1348,"date":"2019-07-01T07:51:10","date_gmt":"2019-07-01T04:51:10","guid":{"rendered":"https:\/\/ambaddisabeba.esteri.it\/news\/dall_ambasciata\/2019\/07\/nuovi-orari-di-apertura-al-pubblico\/"},"modified":"2019-07-01T07:51:10","modified_gmt":"2019-07-01T04:51:10","slug":"nuovi-orari-di-apertura-al-pubblico","status":"publish","type":"post","link":"https:\/\/ambaddisabeba.esteri.it\/it\/news\/dall_ambasciata\/2019\/07\/nuovi-orari-di-apertura-al-pubblico\/","title":{"rendered":"Nuovi orari di apertura al pubblico della cancelleria consolare"},"content":{"rendered":"<p>L\u2019Ambasciata d\u2019Italia in Addis Abeba informa il gentile pubblico che, a partire dal giorno luned\u00ec 1 luglio 2019, gli Uffici della Cancelleria Consolare seguiranno i seguenti orari di apertura al pubblico:<\/p>\n<p>\u00a0<\/p>\n<table border=\"0\" align=\"center\">\n<tbody>\n<tr>\n<td>Luned\u00ec<\/td>\n<td>dalle 09.00 alle 12.00<\/td>\n<\/tr>\n<tr>\n<td>Marted\u00ec<\/td>\n<td>dalle 09.00 alle 12.00<\/td>\n<\/tr>\n<tr>\n<td>Mercoled\u00ec\u00a0\u00a0\u00a0\u00a0\u00a0<\/td>\n<td>chiuso al pubblico<\/td>\n<\/tr>\n<tr>\n<td>Gioved\u00ec<\/td>\n<td>dalle 09.00 alle 12.00<\/td>\n<\/tr>\n<tr>\n<td>Venerd\u00ec<\/td>\n<td>chiuso al pubblico<\/td>\n<\/tr>\n<\/tbody>\n<\/table>\n<p>\u00a0\u00a0\u00a0\u00a0\u00a0\u00a0\u00a0\u00a0\u00a0\u00a0\u00a0\u00a0\u00a0\u00a0\u00a0\u00a0\u00a0\u00a0\u00a0\u00a0\u00a0\u00a0\u00a0\u00a0\u00a0\u00a0\u00a0\u00a0\u00a0\u00a0\u00a0\u00a0\u00a0\u00a0\u00a0\u00a0<\/p>\n<p><span style=\"text-decoration: underline;\">I Visti Schengen saranno rilasciati al pubblico presso la Sezione Visti della Cancelleria nei giorni marted\u00ec e gioved\u00ec, dalle 15.30 alle 17.30.<\/span><\/p>\n","protected":false},"excerpt":{"rendered":"L\u2019Ambasciata d\u2019Italia in Addis Abeba informa il gentile pubblico che, a partire dal giorno luned\u00ec 1 luglio 2019, gli Uffici della Cancelleria Consolare seguiranno i seguenti orari di apertura al pubblico: \u00a0 Luned\u00ec dalle 09.00 alle 12.00 Marted\u00ec dalle 09.00 alle 12.00 Mercoled\u00ec\u00a0\u00a0\u00a0\u00a0\u00a0 chiuso al pubblico Gioved\u00ec dalle 09.00 alle 12.00 Venerd\u00ec chiuso al pubblico [&hellip;]","protected":false},"author":1,"featured_media":0,"comment_status":"","ping_status":"","sticky":false,"template":"","format":"standard","meta":{"footnotes":""},"tags":[],"class_list":["post-1348","post","type-post","status-publish","format-standard","hentry"],"_links":{"self":[{"href":"https:\/\/ambaddisabeba.esteri.it\/it\/wp-json\/wp\/v2\/posts\/1348","targetHints":{"allow":["GET"]}}],"collection":[{"href":"https:\/\/ambaddisabeba.esteri.it\/it\/wp-json\/wp\/v2\/posts"}],"about":[{"href":"https:\/\/ambaddisabeba.esteri.it\/it\/wp-json\/wp\/v2\/types\/post"}],"author":[{"embeddable":true,"href":"https:\/\/ambaddisabeba.esteri.it\/it\/wp-json\/wp\/v2\/users\/1"}],"replies":[{"embeddable":true,"href":"https:\/\/ambaddisabeba.esteri.it\/it\/wp-json\/wp\/v2\/comments?post=1348"}],"version-history":[{"count":0,"href":"https:\/\/ambaddisabeba.esteri.it\/it\/wp-json\/wp\/v2\/posts\/1348\/revisions"}],"wp:attachment":[{"href":"https:\/\/ambaddisabeba.esteri.it\/it\/wp-json\/wp\/v2\/media?parent=1348"}],"wp:term":[{"taxonomy":"post_tag","embeddable":true,"href":"https:\/\/ambaddisabeba.esteri.it\/it\/wp-json\/wp\/v2\/tags?post=1348"}],"curies":[{"name":"wp","href":"https:\/\/api.w.org\/{rel}","templated":true}]}}