{"id":1287,"date":"2020-06-01T15:01:54","date_gmt":"2020-06-01T12:01:54","guid":{"rendered":"https:\/\/ambaddisabeba.esteri.it\/news\/dall_ambasciata\/2020\/06\/festa-della-repubblica-2020-messaggio\/"},"modified":"2020-06-01T15:01:54","modified_gmt":"2020-06-01T12:01:54","slug":"festa-della-repubblica-2020-messaggio","status":"publish","type":"post","link":"https:\/\/ambaddisabeba.esteri.it\/it\/news\/dall_ambasciata\/2020\/06\/festa-della-repubblica-2020-messaggio\/","title":{"rendered":"Festa della Repubblica 2020. Messaggio dell&#8217;Ambasciatore Arturo Luzzi"},"content":{"rendered":"<div style=\"font-size: 14px; font-family: Garmond; padding-left: 15pt; padding-right: 15pt;\"><img decoding=\"async\" style=\"width: 205px; height: 177px;\" src=\"resource\/img\/2020\/06\/intestazione-amb.jpg\" alt=\"L'Ambasciatore d'Italia\" width=\"50%\" \/><\/p>\n<p align=\"center\">\u00a0<\/p>\n<p align=\"center\">\u00a0<\/p>\n<p align=\"center\"><span style=\"text-decoration: underline;\"><em>Festa della Repubblica, 2 Giugno 2020<\/em><\/span><\/p>\n<p align=\"center\">\u00a0<\/p>\n<p style=\"text-align: justify;\"><em>Dear Friends of Italy, cari Connazionali,<\/em><\/p>\n<p style=\"text-align: justify;\"><em>\u00a0<\/em><\/p>\n<p style=\"text-align: justify;\"><em>the emergency due to Covid-19 pandemic does not allow us to celebrate as usual the Italian National Day, la Festa della Repubblica Italiana.<\/em><\/p>\n<p style=\"text-align: justify;\"><em>Our thoughts and compassion go to all the victims of this disease in Italy and Ethiopia.<\/em><\/p>\n<p style=\"text-align: justify;\"><em>On June 2 1946 Italians were called to choose, through a popular referendum, between Monarchy and Republic: 13 million women (allowed to vote for the first time) and 12 million men participated to the referendum and Italy became a Republic. <\/em><\/p>\n<p style=\"text-align: justify;\"><em>This was a new starting point, after a long and tragic war: Italians decided to rebuild our Country in a spirit of peace, solidarity and unity. <\/em><\/p>\n<p style=\"text-align: justify;\"><em>Nowadays we are living in Italy another beginning after months of lockdown and we are confident that we will be able to come out of this emergency stronger than before.<\/em><\/p>\n<p style=\"text-align: justify;\"><em>Ethiopia is also living a crucial period due to the increasing of the numbers of infected people. <\/em><\/p>\n<p style=\"text-align: justify;\"><em>I wish to express our deep concern and solidarity to all the Ethiopians and I assure once again Italy\u2019s support to Ethiopia in order to overcome together this pandemic.<\/em><\/p>\n<p style=\"text-align: justify;\"><em>Italy and Ethiopia are bound by a strong friendship, <\/em><em>built on mutual respect and understanding<\/em><em>. O<\/em><em>ur bilateral ties <\/em><em>date back to 1889.<\/em><\/p>\n<p style=\"text-align: justify;\"><em>Ethiopia is a key partner for Italy in this region and the entire Continent for its crucial role in favor of peace and stability. <\/em><\/p>\n<p style=\"text-align: justify;\"><em>Italy fully supports the Ethiopian Nation. We have an intensive political dialogue at the highest level; Italy gives an important contribution to the social and economic development of Ethiopia through the long-term commitment of the Italian Cooperation and of many Italian companies: thousands of jobs have been created, improving the living conditions of many Ethiopian families. O<\/em><em>ur ties in the field of education are very strong and the Italian Schools, in particular, represent a real opportunity for many Ethiopian students.<\/em><\/p>\n<p style=\"text-align: justify;\"><em>One of the pillars of our bilateral relations is the Italian Community: many Italians distinguished themselves in this Country with their activities and their own engagement. Many have assured their solidarity and support to Ethiopians also in these difficult circumstances, donating to local hospitals equipment to combat the spread of the pandemic.<\/em><\/p>\n<p style=\"text-align: justify;\"><em>\u00a0<\/em><\/p>\n<p style=\"text-align: justify;\"><em>A tutti voi Italiani in Etiopia, buona Festa della Repubblica!<\/em><\/p>\n<p style=\"text-align: justify;\"><em>\u00a0<\/em><\/p>\n<p style=\"text-align: justify;\"><em>Come ho gi\u00e0 avuto modo di dire in passato, siate orgogliosi della vostra storia in questo Paese e lo dico a tutti gli Italiani, ai residenti di lunga data, ai Religiosi, ai professori delle nostre Scuole, ai tanti cooperanti e volontari. L\u2019Italia in Etiopia \u00e8 apprezzata senza riserve grazie all\u2019impegno di tutti voi e a tutti ci \u00e8 riconosciuto un grande senso di umanit\u00e0, che ci contraddistingue nella quotidianit\u00e0, nei rapporti interpersonali, di cui dobbiamo andare fieri. Questo nostro senso di umanit\u00e0 lo faremo sentire ancora pi\u00f9 forte in questi tempi difficili e continueremo, ne sono certo, a dare segnali concreti di amicizia e solidariet\u00e0 al popolo etiopico.<\/em><\/p>\n<p><em>\u00a0<\/em><\/p>\n<p align=\"right\"><em>Arturo Luzzi\u00a0\u00a0\u00a0\u00a0\u00a0\u00a0\u00a0\u00a0\u00a0\u00a0\u00a0\u00a0\u00a0\u00a0\u00a0\u00a0\u00a0\u00a0\u00a0\u00a0\u00a0 <\/em><\/p>\n<\/div>\n","protected":false},"excerpt":{"rendered":"\u00a0 \u00a0 Festa della Repubblica, 2 Giugno 2020 \u00a0 Dear Friends of Italy, cari Connazionali, \u00a0 the emergency due to Covid-19 pandemic does not allow us to celebrate as usual the Italian National Day, la Festa della Repubblica Italiana. Our thoughts and compassion go to all the victims of this disease in Italy and Ethiopia. [&hellip;]","protected":false},"author":1,"featured_media":0,"comment_status":"","ping_status":"","sticky":false,"template":"","format":"standard","meta":{"footnotes":""},"tags":[],"class_list":["post-1287","post","type-post","status-publish","format-standard","hentry"],"_links":{"self":[{"href":"https:\/\/ambaddisabeba.esteri.it\/it\/wp-json\/wp\/v2\/posts\/1287","targetHints":{"allow":["GET"]}}],"collection":[{"href":"https:\/\/ambaddisabeba.esteri.it\/it\/wp-json\/wp\/v2\/posts"}],"about":[{"href":"https:\/\/ambaddisabeba.esteri.it\/it\/wp-json\/wp\/v2\/types\/post"}],"author":[{"embeddable":true,"href":"https:\/\/ambaddisabeba.esteri.it\/it\/wp-json\/wp\/v2\/users\/1"}],"replies":[{"embeddable":true,"href":"https:\/\/ambaddisabeba.esteri.it\/it\/wp-json\/wp\/v2\/comments?post=1287"}],"version-history":[{"count":0,"href":"https:\/\/ambaddisabeba.esteri.it\/it\/wp-json\/wp\/v2\/posts\/1287\/revisions"}],"wp:attachment":[{"href":"https:\/\/ambaddisabeba.esteri.it\/it\/wp-json\/wp\/v2\/media?parent=1287"}],"wp:term":[{"taxonomy":"post_tag","embeddable":true,"href":"https:\/\/ambaddisabeba.esteri.it\/it\/wp-json\/wp\/v2\/tags?post=1287"}],"curies":[{"name":"wp","href":"https:\/\/api.w.org\/{rel}","templated":true}]}}