{"id":1280,"date":"2020-11-03T16:42:59","date_gmt":"2020-11-03T13:42:59","guid":{"rendered":"https:\/\/ambaddisabeba.esteri.it\/news\/dall_ambasciata\/2020\/11\/covid-19-chiusura-cautelare-degli\/"},"modified":"2020-11-03T16:42:59","modified_gmt":"2020-11-03T13:42:59","slug":"covid-19-chiusura-cautelare-degli","status":"publish","type":"post","link":"https:\/\/ambaddisabeba.esteri.it\/it\/news\/dall_ambasciata\/2020\/11\/covid-19-chiusura-cautelare-degli\/","title":{"rendered":"COVID-19. Chiusura cautelare degli uffici dell&#8217;Ambasciata fino all&#8217;8 febbraio 2021"},"content":{"rendered":"<p>A seguito di alcuni casi di positivit\u00e0 al COVID-19 riscontrati a membri dello staff dell\u2019Ambasciata, gli Uffici della Cancelleria Diplomatica e della Cancelleria Consolare rimarranno chiusi in via cautelare a partire da luned\u00ec 1 febbraio e fino a luned\u00ec 8 febbraio incluso. Gli Uffici riapriranno la mattina di marted\u00ec 9 febbraio.<\/p>\n<p>Durante la chiusura sar\u00e0 possibile far riferimento ai seguenti contatti:<\/p>\n<ul>\n<li>Esclusivamente per emergenze: tel. 00251 911247513<\/li>\n<li>Per altre questioni:\n<ul>\n<li><a href=\"mailto:arianna.catalano@esteri.it\">arianna.catalano@esteri.it<\/a><\/li>\n<li><a href=\"mailto:andrea.pascali@esteri.it\">andrea.pascali@esteri.it<\/a><\/li>\n<li><a href=\"mailto:pietro.panarello@esteri.it\">pietro.panarello@esteri.it<\/a><\/li>\n<li><a href=\"mailto:guido.corbi@esteri.it\">guido.corbi@esteri.it<\/a><\/li>\n<\/ul>\n<\/li>\n<\/ul>\n","protected":false},"excerpt":{"rendered":"A seguito di alcuni casi di positivit\u00e0 al COVID-19 riscontrati a membri dello staff dell\u2019Ambasciata, gli Uffici della Cancelleria Diplomatica e della Cancelleria Consolare rimarranno chiusi in via cautelare a partire da luned\u00ec 1 febbraio e fino a luned\u00ec 8 febbraio incluso. Gli Uffici riapriranno la mattina di marted\u00ec 9 febbraio. Durante la chiusura sar\u00e0 [&hellip;]","protected":false},"author":1,"featured_media":0,"comment_status":"","ping_status":"","sticky":false,"template":"","format":"standard","meta":{"footnotes":""},"tags":[],"class_list":["post-1280","post","type-post","status-publish","format-standard","hentry"],"_links":{"self":[{"href":"https:\/\/ambaddisabeba.esteri.it\/it\/wp-json\/wp\/v2\/posts\/1280","targetHints":{"allow":["GET"]}}],"collection":[{"href":"https:\/\/ambaddisabeba.esteri.it\/it\/wp-json\/wp\/v2\/posts"}],"about":[{"href":"https:\/\/ambaddisabeba.esteri.it\/it\/wp-json\/wp\/v2\/types\/post"}],"author":[{"embeddable":true,"href":"https:\/\/ambaddisabeba.esteri.it\/it\/wp-json\/wp\/v2\/users\/1"}],"replies":[{"embeddable":true,"href":"https:\/\/ambaddisabeba.esteri.it\/it\/wp-json\/wp\/v2\/comments?post=1280"}],"version-history":[{"count":0,"href":"https:\/\/ambaddisabeba.esteri.it\/it\/wp-json\/wp\/v2\/posts\/1280\/revisions"}],"wp:attachment":[{"href":"https:\/\/ambaddisabeba.esteri.it\/it\/wp-json\/wp\/v2\/media?parent=1280"}],"wp:term":[{"taxonomy":"post_tag","embeddable":true,"href":"https:\/\/ambaddisabeba.esteri.it\/it\/wp-json\/wp\/v2\/tags?post=1280"}],"curies":[{"name":"wp","href":"https:\/\/api.w.org\/{rel}","templated":true}]}}