{"id":1277,"date":"2021-01-26T06:14:42","date_gmt":"2021-01-26T03:14:42","guid":{"rendered":"https:\/\/ambaddisabeba.esteri.it\/news\/dall_ambasciata\/2021\/01\/accordo-italia-gibuti-per-la-sospensione\/"},"modified":"2021-01-26T06:14:42","modified_gmt":"2021-01-26T03:14:42","slug":"accordo-italia-gibuti-per-la-sospensione","status":"publish","type":"post","link":"https:\/\/ambaddisabeba.esteri.it\/it\/news\/dall_ambasciata\/2021\/01\/accordo-italia-gibuti-per-la-sospensione\/","title":{"rendered":"Accordo Italia-Gibuti per la sospensione del servizio del debito"},"content":{"rendered":"<p>Addis Abeba, 25 gennaio 2021. L&#8217;Italia e Gibuti hanno sottoscritto l&#8217;Accordo per la sospensione del servizio del debito.<\/p>\n<p>L&#8217;Italia \u00e8 tra i promotori dell\u2019iniziativa G20 per la sospensione del servizio del debito.<\/p>\n<p>In ragione della grave emergenza pandemica globale la sospensione dei pagamenti si estende al 30 giugno 2021 con la possibilit\u00e0 di un\u2019estensione supplementare di 6 mesi.<\/p>\n<p>La firma dell\u2019Accordo testimonia l\u2019impegno ed il sostegno italiano a Gibuti nel suo percorso di crescita cos\u00ec come la sincera e profonda amicizia tra i due Paesi.<\/p>\n<p>L&#8217;Accordo \u00e8 stato firmato dall&#8217;Ambasciatore Luzzi e dall&#8217;Ambasciatore gibutino in Etiopia Mohammed Idriss Farah.<\/p>\n<p>\u00a0<\/p>\n<p style=\"text-align: center;\">&#8211; &#8211; &#8211; &#8211; &#8211; &#8211; &#8211; &#8211; &#8211; &#8211; &#8211; &#8211; &#8211; &#8211; &#8211; &#8211; &#8211;<\/p>\n<p>\u00a0<\/p>\n<p>25 janvier 2021. Italie et Djibouti ont sign\u00e9 l\u2019Accord pour la suspension du service de la dette.<\/p>\n<p>L\u2019Italie est l\u2019un des promoteurs de l\u2019initiative du G20 pour la suspension du service de la dette (ISSD) en faveur des pays les plus endett\u00e9s, dans le contexte des actions men\u00e9es au niveau multilat\u00e9ral pour att\u00e9nuer l\u2019impact de la pand\u00e9mie. En raison de la gravit\u00e9 de l\u2019\u00e9mergence sanitaire, la suspension des paiements de capitaux et int\u00e9r\u00eats sur la dette des Pays d\u00e9biteurs est \u00e9tendue jusqu\u2019au 30 juin 2021, avec la possibilit\u00e9 d\u2019une extension suppl\u00e9mentaire de six moins.<\/p>\n<p>La signature de l\u2019Accord entre l\u2019Italie et Djibouti t\u00e9moigne l\u2019engagement et le soutien de l\u2019Italie en faveur de la R\u00e9publique de Djibouti dans sa trajectoire de croissance \u00e9conomique, ainsi que la profonde et sinc\u00e8re amiti\u00e9 entre les deux Pays.<\/p>\n<p>L\u2019Accord a \u00e9t\u00e9 sign\u00e9 \u00e0 Addis Abeba par l\u2019Ambassadeur d\u2019Italie, S.E. Arturo Luzzi, et son homologue, S.E. Mohamed Idriss Farah, Ambassadeur de Djibouti en Ethiopie.<\/p>\n","protected":false},"excerpt":{"rendered":"Addis Abeba, 25 gennaio 2021. L&#8217;Italia e Gibuti hanno sottoscritto l&#8217;Accordo per la sospensione del servizio del debito. L&#8217;Italia \u00e8 tra i promotori dell\u2019iniziativa G20 per la sospensione del servizio del debito. In ragione della grave emergenza pandemica globale la sospensione dei pagamenti si estende al 30 giugno 2021 con la possibilit\u00e0 di un\u2019estensione supplementare [&hellip;]","protected":false},"author":1,"featured_media":0,"comment_status":"","ping_status":"","sticky":false,"template":"","format":"standard","meta":{"footnotes":""},"tags":[],"class_list":["post-1277","post","type-post","status-publish","format-standard","hentry"],"_links":{"self":[{"href":"https:\/\/ambaddisabeba.esteri.it\/it\/wp-json\/wp\/v2\/posts\/1277","targetHints":{"allow":["GET"]}}],"collection":[{"href":"https:\/\/ambaddisabeba.esteri.it\/it\/wp-json\/wp\/v2\/posts"}],"about":[{"href":"https:\/\/ambaddisabeba.esteri.it\/it\/wp-json\/wp\/v2\/types\/post"}],"author":[{"embeddable":true,"href":"https:\/\/ambaddisabeba.esteri.it\/it\/wp-json\/wp\/v2\/users\/1"}],"replies":[{"embeddable":true,"href":"https:\/\/ambaddisabeba.esteri.it\/it\/wp-json\/wp\/v2\/comments?post=1277"}],"version-history":[{"count":0,"href":"https:\/\/ambaddisabeba.esteri.it\/it\/wp-json\/wp\/v2\/posts\/1277\/revisions"}],"wp:attachment":[{"href":"https:\/\/ambaddisabeba.esteri.it\/it\/wp-json\/wp\/v2\/media?parent=1277"}],"wp:term":[{"taxonomy":"post_tag","embeddable":true,"href":"https:\/\/ambaddisabeba.esteri.it\/it\/wp-json\/wp\/v2\/tags?post=1277"}],"curies":[{"name":"wp","href":"https:\/\/api.w.org\/{rel}","templated":true}]}}