{"id":1275,"date":"2021-02-10T07:13:27","date_gmt":"2021-02-10T04:13:27","guid":{"rendered":"https:\/\/ambaddisabeba.esteri.it\/news\/dall_ambasciata\/2021\/02\/youth4climate-driving-ambition\/"},"modified":"2021-02-10T07:13:27","modified_gmt":"2021-02-10T04:13:27","slug":"youth4climate-driving-ambition","status":"publish","type":"post","link":"https:\/\/ambaddisabeba.esteri.it\/it\/news\/dall_ambasciata\/2021\/02\/youth4climate-driving-ambition\/","title":{"rendered":"\u201cYouth4Climate: Driving Ambition\u201d, candidature per i giovani leader della \u201cgenerazione verde\u201d di tutto il mondo"},"content":{"rendered":"<p>\u00a0<\/p>\n<p><a href=\"https:\/\/un.submittable.com\/submit\/162028\/youth4climate-driving-ambition\"><img decoding=\"async\" src=\"resource\/img\/2021\/02\/drivingambition_tw_card1.jpg\" alt=\"Youth4Climate: Driving Ambition. Candidature per i giovani leader della generazione verde di tutto il mondo\" width=\"100%\" \/><\/a><\/p>\n<p>\u00a0<\/p>\n<p>Dal 1 febbraio, e fino al 1 marzo, \u00e8 possibile presentare la domanda di partecipazione a <a href=\"https:\/\/www.minambiente.it\/pagina\/verso-la-cop26-conferenza-preparatoria-ed-evento-giovani-youth4climate-driving-ambition\">\u201c<strong>Youth4Climate: Driving Ambition<\/strong>\u201d<\/a>.<\/p>\n<p style=\"text-align: justify;\">Quest&#8217;incontro, riservato a giovani di tutto il mondo, si terr\u00e0 a Milano dal 28 al 30 settembre 2021, e\u00a0preceder\u00e0 la Conferenza delle Parti <a href=\"https:\/\/ukcop26.org\/it\/iniziale\/\"><strong>COP26<\/strong> <\/a>di Glasgow prevista fra 1 e 12 novembre 2021 e dedicata alle azioni da intraprendere a livello mondiale per affrontare i cambiamenti climatici.<\/p>\n<p style=\"text-align: justify;\">Per ciascuno dei 197 paesi che fanno parte dell\u2019UNFCCC, saranno selezionati due partecipanti.<\/p>\n<p style=\"text-align: justify;\">Si prevede quindi la presenza di circa 400 giovani, nel rispetto di un&#8217;equa rappresentativit\u00e0 di genere, equilibrio geografico e inclusione sociale.<\/p>\n<p style=\"text-align: justify;\">Le prime due giornate di Youth4Climate: Driving Ambition saranno dedicate a gruppi di lavoro tematici, mentre il terzo giorno vedr\u00e0 un confronto diretto tra i giovani delegati e i ministri partecipanti alla Conferenza preparatoria che si terr\u00e0 nei due giorni successivi, sempre a Milano. La domanda di partecipazione potr\u00e0 essere inoltrata fino al <strong>1 marzo 2021 da giovani fra i 15 e i 29<\/strong>.<\/p>\n<p style=\"text-align: justify;\">\u00a0<\/p>\n<p style=\"text-align: justify;\">Domanda di partecipazione all&#8217;incontro:<\/p>\n<ul>\n<li style=\"text-align: justify;\"><a href=\"https:\/\/un.submittable.com\/submit\/162028\/youth4climate-driving-ambition\">https:\/\/un.submittable.com\/submit\/162028\/youth4climate-driving-ambition<\/a><\/li>\n<\/ul>\n<p style=\"text-align: justify;\">\u00a0<\/p>\n<p style=\"text-align: justify;\">Conferenza preparatioria PreCop26 e l\u2019incontro Youth4Climate: Driving Ambition:<\/p>\n<ul>\n<li style=\"text-align: justify;\"><a href=\"https:\/\/www.minambiente.it\/pagina\/verso-la-cop26-conferenza-preparatoria-ed-evento-giovani-youth4climate-driving-ambition\">https:\/\/www.minambiente.it\/pagina\/verso-la-cop26-conferenza-preparatoria-ed-evento-giovani-youth4climate-driving-ambition<\/a>\u00a0<\/li>\n<\/ul>\n","protected":false},"excerpt":{"rendered":"\u00a0 \u00a0 Dal 1 febbraio, e fino al 1 marzo, \u00e8 possibile presentare la domanda di partecipazione a \u201cYouth4Climate: Driving Ambition\u201d. Quest&#8217;incontro, riservato a giovani di tutto il mondo, si terr\u00e0 a Milano dal 28 al 30 settembre 2021, e\u00a0preceder\u00e0 la Conferenza delle Parti COP26 di Glasgow prevista fra 1 e 12 novembre 2021 e [&hellip;]","protected":false},"author":1,"featured_media":0,"comment_status":"","ping_status":"","sticky":false,"template":"","format":"standard","meta":{"footnotes":""},"tags":[],"class_list":["post-1275","post","type-post","status-publish","format-standard","hentry"],"_links":{"self":[{"href":"https:\/\/ambaddisabeba.esteri.it\/it\/wp-json\/wp\/v2\/posts\/1275","targetHints":{"allow":["GET"]}}],"collection":[{"href":"https:\/\/ambaddisabeba.esteri.it\/it\/wp-json\/wp\/v2\/posts"}],"about":[{"href":"https:\/\/ambaddisabeba.esteri.it\/it\/wp-json\/wp\/v2\/types\/post"}],"author":[{"embeddable":true,"href":"https:\/\/ambaddisabeba.esteri.it\/it\/wp-json\/wp\/v2\/users\/1"}],"replies":[{"embeddable":true,"href":"https:\/\/ambaddisabeba.esteri.it\/it\/wp-json\/wp\/v2\/comments?post=1275"}],"version-history":[{"count":0,"href":"https:\/\/ambaddisabeba.esteri.it\/it\/wp-json\/wp\/v2\/posts\/1275\/revisions"}],"wp:attachment":[{"href":"https:\/\/ambaddisabeba.esteri.it\/it\/wp-json\/wp\/v2\/media?parent=1275"}],"wp:term":[{"taxonomy":"post_tag","embeddable":true,"href":"https:\/\/ambaddisabeba.esteri.it\/it\/wp-json\/wp\/v2\/tags?post=1275"}],"curies":[{"name":"wp","href":"https:\/\/api.w.org\/{rel}","templated":true}]}}