{"id":1267,"date":"2021-03-22T06:42:59","date_gmt":"2021-03-22T03:42:59","guid":{"rendered":"https:\/\/ambaddisabeba.esteri.it\/news\/dall_ambasciata\/2021\/03\/vivereallitaliana-sul-palcoscenico\/"},"modified":"2021-03-22T06:42:59","modified_gmt":"2021-03-22T03:42:59","slug":"vivereallitaliana-sul-palcoscenico","status":"publish","type":"post","link":"https:\/\/ambaddisabeba.esteri.it\/it\/news\/dall_ambasciata\/2021\/03\/vivereallitaliana-sul-palcoscenico\/","title":{"rendered":"&#8220;VivereALLitaliana sul palcoscenico&#8221; e &#8220;VivereALLitaliana in musica&#8221;. Fruizione dei contenuti online"},"content":{"rendered":"<div>\n<p>Si segnalano qui di seguito i link per assistere integralmente ai 39 spettacoli realizzati\u00a0nell&#8217;ambito dei progetti\u00a0&#8220;<em>Vivere all&#8217;Italiana sul palcoscenico<\/em>&#8221; e &#8220;<em>Vivere all&#8217;Italiana in musica<\/em>&#8220;, mirati alla produzione di spettacoli dal vivo negli ambiti del teatro, della danza e del circo contemporaneo e della musica classica\/contemporanea e jazz. Le due rassegne sono state avviate dal\u00a0Ministero degli Affari Esteri e della Cooperazione Internazionale\u00a0con l&#8217;obiettivo di sostenere la ripartenza dell\u2019industria culturale. Il risultato \u00e8 un arcobaleno di creativit\u00e0, che testimonia la grande variet\u00e0 e qualit\u00e0 della proposta culturale in Italia:<\/p>\n<ul>\n<li>vivereALLitaliana sul palcoscenico:\u00a0\u00a0<a href=\"https:\/\/vimeo.com\/showcase\/8204746\" target=\"_blank\" rel=\"noopener\">https:\/\/vimeo.com\/showcase\/8204746<\/a>\u00a0<\/li>\n<li>vivereALLitaliana in musica:\u00a0\u00a0\u00a0<a href=\"https:\/\/vimeo.com\/showcase\/8204722\" target=\"_blank\" rel=\"noopener\">https:\/\/vimeo.com\/showcase\/8204722<\/a><\/li>\n<\/ul>\n<p>\u00a0<\/p>\n<\/div>\n","protected":false},"excerpt":{"rendered":"Si segnalano qui di seguito i link per assistere integralmente ai 39 spettacoli realizzati\u00a0nell&#8217;ambito dei progetti\u00a0&#8220;Vivere all&#8217;Italiana sul palcoscenico&#8221; e &#8220;Vivere all&#8217;Italiana in musica&#8220;, mirati alla produzione di spettacoli dal vivo negli ambiti del teatro, della danza e del circo contemporaneo e della musica classica\/contemporanea e jazz. Le due rassegne sono state avviate dal\u00a0Ministero degli [&hellip;]","protected":false},"author":1,"featured_media":0,"comment_status":"","ping_status":"","sticky":false,"template":"","format":"standard","meta":{"footnotes":""},"tags":[],"class_list":["post-1267","post","type-post","status-publish","format-standard","hentry"],"_links":{"self":[{"href":"https:\/\/ambaddisabeba.esteri.it\/it\/wp-json\/wp\/v2\/posts\/1267","targetHints":{"allow":["GET"]}}],"collection":[{"href":"https:\/\/ambaddisabeba.esteri.it\/it\/wp-json\/wp\/v2\/posts"}],"about":[{"href":"https:\/\/ambaddisabeba.esteri.it\/it\/wp-json\/wp\/v2\/types\/post"}],"author":[{"embeddable":true,"href":"https:\/\/ambaddisabeba.esteri.it\/it\/wp-json\/wp\/v2\/users\/1"}],"replies":[{"embeddable":true,"href":"https:\/\/ambaddisabeba.esteri.it\/it\/wp-json\/wp\/v2\/comments?post=1267"}],"version-history":[{"count":0,"href":"https:\/\/ambaddisabeba.esteri.it\/it\/wp-json\/wp\/v2\/posts\/1267\/revisions"}],"wp:attachment":[{"href":"https:\/\/ambaddisabeba.esteri.it\/it\/wp-json\/wp\/v2\/media?parent=1267"}],"wp:term":[{"taxonomy":"post_tag","embeddable":true,"href":"https:\/\/ambaddisabeba.esteri.it\/it\/wp-json\/wp\/v2\/tags?post=1267"}],"curies":[{"name":"wp","href":"https:\/\/api.w.org\/{rel}","templated":true}]}}