{"id":1241,"date":"2021-07-06T11:17:48","date_gmt":"2021-07-06T08:17:48","guid":{"rendered":"https:\/\/ambaddisabeba.esteri.it\/news\/dall_ambasciata\/2021\/07\/estate-all-italiana-festival-2021\/"},"modified":"2021-07-06T11:17:48","modified_gmt":"2021-07-06T08:17:48","slug":"estate-all-italiana-festival-2021","status":"publish","type":"post","link":"https:\/\/ambaddisabeba.esteri.it\/it\/news\/dall_ambasciata\/2021\/07\/estate-all-italiana-festival-2021\/","title":{"rendered":"Estate all\u2019Italiana Festival 2021"},"content":{"rendered":"<div>\n<p>Torna per il secondo anno consecutivo \u201c<strong>Estate all\u2019Italiana Festival<\/strong>\u201c, un\u2019iniziativa promossa dal Ministero degli Affari Esteri e della Cooperazione Internazionale, in collaborazione con l\u2019Associazione <a href=\"https:\/\/www.italiafestival.tv\/?lang=it\"><strong>ItaliaFestival<\/strong><\/a>, l\u2019associazione multidisciplinare formata da alcuni tra i pi\u00f9 prestigiosi festival italiani.<\/p>\n<p>A partire dal <strong>4 luglio <\/strong>fino al <strong>21 settembre 2021<\/strong>, prende il via un <strong>tour virtuale tra i principali festival italiani<\/strong>: un ricco palinsesto di <strong>spettacoli di danza, teatro e musica<\/strong> disponibili gratuitamente <strong>in streaming live e on demand<\/strong> sul canale <a href=\"https:\/\/vimeo.com\/italianaesteri\">Vimeo<\/a> di <em>italiana<\/em>.<\/p>\n<p>\u00a0<\/p>\n<p><strong>Programma:<\/strong><\/p>\n<p><strong>Estate all\u2019Italiana Festival con <a href=\"https:\/\/www.ravennafestival.org\/\">Ravenna Festival<\/a><\/strong><\/p>\n<p><strong>4 luglio 2021<\/strong>: il tour prende il via da \u201c<strong>Bestiario d\u2019amore<\/strong>\u201d di <strong>Vinicio Capossela<\/strong>, spettacolo liberamente tratto dall\u2019omonima opera di Richard de Fournival dedicata alle forme che l\u2019amore pu\u00f2 felicemente incarnare seguendo lo schema dei bestiari medievali: \u201cl\u2019innamorato \u00e8 un mostro, sopraffatto dalla necessit\u00e0 di mostrarsi. E non potendo evitare l\u2019amore, lo celebreremo in forma di bestiario\u201d.<\/p>\n<p>\u00a0<\/p>\n<p><strong>Estate all\u2019Italiana Festival con <a href=\"https:\/\/campaniateatrofestival.it\/edizione-2021\/\">Campania Teatro Festival<\/a><\/strong><\/p>\n<p><strong>5 luglio 2021: \u201cI Racconti di Mamma Orca\u201d <\/strong>di <strong>Roberto De Simone<\/strong>, con <strong>Edoardo Catemario<\/strong> (chitarra), quartetto canonico <strong>Matteo Calosci<\/strong> (violino), <strong>Niccol\u00f2 Musumeci<\/strong> (violino), <strong>Margherita Fanton<\/strong> (viola), <strong>Zoltan Szabo<\/strong> (violoncello). Un\u2019opera in cinque movimenti, rappresentativa del legame esistente tra la tradizione musicale napoletana, arcaica e popolare, e la musica contemporanea nella sua accezione pi\u00f9 raffinata.<\/p>\n<p>\u00a0<\/p>\n<p><strong>Estate all\u2019Italiana Festival con <a href=\"https:\/\/www.festivalpianistico.it\/\">Festival Pianistico di Brescia e Bergamo<\/a><\/strong><\/p>\n<p><strong>7 luglio 2021:<\/strong> <strong>\u201cConcerto per Pianoforte e Orchestra\u201d<\/strong> n.2 di <strong>Brahms<\/strong> eseguito dalla <strong>Filarmonica del Festival<\/strong>, <strong>Pier Carlo Orizio<\/strong> direttore, <strong>Francesco Piemontesi<\/strong> pianista.<\/p>\n<p>\u00a0<\/p>\n<p><strong>Estate all\u2019Italiana Festival con <a href=\"https:\/\/www.ravennafestival.org\/\">Ravenna Festival<\/a><\/strong><\/p>\n<p><strong>9 luglio 2021:<\/strong> i giovani del <strong>quartetto Guadagnini<\/strong>, insieme al violoncello di <strong>Enrico Bronzi<\/strong>, solista di fama internazionale, interpretano il celebre <strong>Quartetto per archi n. 12 in do minore<\/strong> di <strong>Franz Schubert<\/strong>. Ai quattro archi insigniti del prestigioso Premio Piero Farulli e al celebre violoncellista spetta poi il compito di interpretare il <strong>Quintetto<\/strong> che il compositore termin\u00f2 appena due mesi prima della morte e che rappresenta il culmine della sua produzione cameristica: un\u2019opera dall\u2019architettura complessa, una sorta di caleidoscopio armonico cui proprio il raddoppio del registro grave conferisce un carattere quasi sinfonico.<\/p>\n<p>\u00a0<\/p>\n<p><strong>Estate all\u2019Italiana Festival con <a href=\"https:\/\/www.emiliaromagnafestival.it\/\">Emilia Romagna Festival<\/a><\/strong><\/p>\n<p><strong>12 luglio 2021:<\/strong> nella suggestiva cornice della millenaria <strong>Abbazia di Pomposa<\/strong> il prestigioso <strong>Coro del Friuli Venezia Giulia<\/strong>, diretto dalla bacchetta del maestro <strong>Ernst Hoetzl<\/strong>, con il flauto solista di <strong>Boris Bizjak<\/strong>, si esibisce nel concerto <strong>Cantate e i mottetti sacri di J.S. Bach<\/strong>, un affascinate programma da Bach a Mendelssohn al contemporaneo Cristian Carrara con una nuova composizione in prima esecuzione assoluta, \u201cO Somma Luce\u201d per coro a cappella e flauto, ispirata al Paradiso di Dante.<\/p>\n<p>\u00a0<\/p>\n<p><strong>Estate all\u2019Italiana Festival con <a href=\"http:\/\/www.areasud.it\/category\/festival\/\">Areasud<\/a><\/strong><\/p>\n<p><strong>16 luglio 2021: <\/strong>l&#8217;\u201d<strong>Unconvential Folk<\/strong>\u201d della <strong>Sicily Folk Orchestra<\/strong> \u00e8 sul palco di Areasud: un ensemble nato per riscoprire, reinterpretare e promuovere le tradizioni musicali siciliane collocandole in un contesto pienamente attuale e moderno, rigenerando e valorizzando il repertorio della musica popolare dell\u2019isola portandolo nelle piazze, nei teatri d\u2019Italia e nei festival di world music di tutto il mondo.<\/p>\n<p>\u00a0<\/p>\n<p><strong>Estate all\u2019Italiana Festival con <a href=\"https:\/\/www.festivaldellavalleditria.it\/\">Festival Valle d\u2019Itria<\/a><\/strong><\/p>\n<p><strong>17 luglio 2021: <\/strong>l\u2019<strong>Orchestra del Teatro Petruzzelli<\/strong> interpreta \u201c<strong>la Creazione<\/strong>\u201d di <strong>F. J. Haydn<\/strong>, nella versione ritmica in italiano approntata per il festival pugliese dal filologo Dario Del Corno e che sar\u00e0 rivista per questa nuova edizione dal figlio Filippo. Con la regia di Fabio Ceresa e le scene di Tiziano Santi.<\/p>\n<p>\u00a0<\/p>\n<p><strong>Estate all\u2019Italiana Festival con <a href=\"https:\/\/piccolofestival.org\/\">Piccolo Opera Festival<\/a><\/strong><\/p>\n<p><strong>19 luglio 2021<\/strong>: \u201c<strong>Maria de Buenos Aires<\/strong>\u201c, una nuova co-produzione del Teatro Goldoni Livorno. Con Arianna Manganello (Maria), Giacomo Medici (baritono), Gianluca Ferrato (attore). A dirigere Igor Zobin.<\/p>\n<p>\u00a0<\/p>\n<p><strong>Estate all\u2019Italiana Festival con <a href=\"https:\/\/www.figlidartecuticchio.com\/\">Associazione Figli d\u2019Arte Cuticchio<\/a> (ATF)<\/strong><\/p>\n<p><strong>21 luglio 2021:<\/strong> la \u201c<strong>Rapsodia fantastica<\/strong>\u201d eseguita da <strong>Nicola Mogavero<\/strong> (sax), <strong>Alessio Pianelli e Francesco Biscari<\/strong> (violoncelli), <strong>Mauro Vivona<\/strong> (corno), <strong>Giacomo Cuticchio<\/strong> (pianoforte e direzione). I cinque musicisti combinano il suono di fiato, arco e tastiera su armonie e melodie composte da Giacomo Cuticchio e ispirate al Teatro dei Pupi, in una vivace reinterpretazione del mondo epico-cavalleresco.<\/p>\n<p>\u00a0<\/p>\n<p><strong>Estate all\u2019Italiana Festival con <a href=\"https:\/\/www.puccinifestival.it\/\">Puccini Festival<\/a><\/strong><\/p>\n<p><strong>23 luglio 2021:<\/strong> <strong>Stefania Sandrelli<\/strong> per il suo debutto in veste di regista lirico firma la \u201c<strong>Tosca<\/strong>\u201c, capolavoro che inaugura l\u2019edizione n\u00b0 67 del Festival Puccini.<\/p>\n<p>\u00a0<\/p>\n<p><strong>Estate all\u2019Italiana Festival con <a href=\"https:\/\/www.sferisterio.it\/\">Macerata Opera Festival<\/a><\/strong><\/p>\n<p><strong>28 luglio 2021: <\/strong>nello scenario del magnifico colonnato dello Sferisterio, messa in scena di \u201c<strong>D\u2019un immortale amor<\/strong>\u201c, composizione originale di <strong>Silvia Colasanti<\/strong> per voce recitante, controtenore, quartetto d\u2019archi e percussioni, con testi di Mariangela Gualtieri.<\/p>\n<p>\u00a0<\/p>\n<p><strong>Estate all\u2019Italiana Festival con <a href=\"http:\/\/www.fondazioneprometeo.org\/traiettorie\/\">Traiettorie<\/a><\/strong><\/p>\n<p><strong>30 luglio 2021: <\/strong>concerto dell\u2019<strong>Ensemble Prometeo<\/strong> diretto da Marco Angius. Il programma proporr\u00e0 un <strong>intenso dialogo fra Stati Uniti e Italia<\/strong> sul piano strumentale (il suono assoluto di Morton Feldman e le geometrie illusionistiche di Aldo Clementi) e vocale (le sfide fra suono e significato di Brian Ferneyhough e Franco Donatoni), con la partecipazione del mezzosoprano Katarzyna Otczyk.<\/p>\n<p>\u00a0<\/p>\n<p><strong>Estate all\u2019Italiana Festival con <a href=\"https:\/\/www.operaestate.it\/it\/\">Opera Estate Festival<\/a><\/strong><\/p>\n<p><strong>2 agosto 2021:<\/strong> a cent\u2019anni della morte del compositore <strong>Camille Saint Saens<\/strong>, un network italiano di organizzazioni di danza crea il progetto <strong>\u201cSwans Never Die\u201d<\/strong> e invita artisti diversi a lavorare all\u2019assolo <strong>La morte del cigno<\/strong> come a un campo di sperimentazione, tra reinvenzione e citazione, tra storia e memoria. Accanto alla versione classica interpretata da Virna Toppi, prima ballerina al Teatro alla Scala, le creazioni di Chiara Bersani, Collettivo MINE, Silvia Gribaudi, Philippe Kratz e di Camilla Monga, accompagnata dai musicisti Filippo Vignato ed Emanuele Maniscalco.<\/p>\n<p>\u00a0<\/p>\n<p><strong>Estate all\u2019Italiana Festival con <a href=\"http:\/\/www.teatrodeldrago.it\/\">Teatro del Drago<\/a> (ATF)<\/strong><\/p>\n<p><strong>7 agosto 2021:<\/strong> spettacolo di teatro di figura senza parole, in cui immagini, musica e animazione si fondono creando un\u2019atmosfera giocosa e piena di colore qual \u00e8 il grande circo di <strong>\u201cPinocchio\u201d<\/strong>. La scenografia e i pupazzi sono ispirati alle immagini di <strong>Alain Letort<\/strong>, artista francese che ha reso omaggio al famoso burattino di legno creando 12 tavole a china, colorate in seguito da <strong>Gianni Plazzi<\/strong>. Le parole diventano musica, perdono il loro significato, diventando dei semplici suoni che accompagnano i movimenti dei pupazzi mossi a vista da quattro attori-animatori, secondo una tecnica cara alla compagnia.<\/p>\n<p>\u00a0<\/p>\n<p><strong>Estate all\u2019Italiana Festival con <a href=\"https:\/\/www.tagliacozzofestival.com\/\">Festival Internazionale di Mezza Estate \u2013 Tagliacozzo Festival<\/a><\/strong><\/p>\n<p><strong>9 agosto 2021:<\/strong> l\u2019<strong>Orchestra Sinfonica Abruzzese <\/strong>interpreta il <strong>Triplo Concerto<\/strong> e l\u2019<strong>Eroica di Beethoven<\/strong>, in occasione dei duecento anni dalla scomparsa di Napoleone.<\/p>\n<p>\u00a0<\/p>\n<p><strong>Estate all\u2019Italiana Festival con <a href=\"https:\/\/www.armoniedarte.com\/\">Armonie d\u2019Arte Festival<\/a><\/strong><\/p>\n<p><strong>11 agosto 2021:<\/strong> l\u2019<strong>Ensemble Pietrodarchi<\/strong> in un concerto omaggio a <strong>Astor Piazzolla<\/strong>, sulle rotte Italia-Argentina, in occasione del centenario dalla nascita.<\/p>\n<p>\u00a0<\/p>\n<p><strong>Estate all\u2019Italiana Festival con <a href=\"https:\/\/www.rossinioperafestival.it\/\">Rossini Opera Festival<\/a><\/strong><\/p>\n<p><strong>18 agosto 2021:<\/strong> gli allievi dell\u2019<strong>Accademia Rossiniana<\/strong> \u201cAlberto Zedda\u201d eseguono il \u201c<strong>Viaggio a Reims<\/strong>\u201c, dramma giocoso in un atto con musica di Rossini.<\/p>\n<p>\u00a0<\/p>\n<p><strong>Estate all\u2019Italiana Festival con il <a href=\"https:\/\/www.teatroregioparma.it\/\">Festival Verdi<\/a><\/strong><\/p>\n<p><strong>21 agosto 2021:<\/strong> Michele Mariotti sul podio della Filarmonica Arturo Toscanini e del Coro del Teatro Regio di Parma, dirige per la prima volta<strong> Ernani<\/strong>, in programma al XX Festival Verdi al Teatro Regio di Parma.<\/p>\n<p>\u00a0<\/p>\n<p><strong>Estate all\u2019Italiana Festival con <a href=\"https:\/\/www.umbriajazz.it\/\">Umbria Jazz<\/a><\/strong><\/p>\n<p><strong>24 agosto 2021:<\/strong> \u00e8 una rassegna molto particolare quella che Umbria Jazz ha organizzato per la sezione dei <strong>concerti pomeridiani<\/strong>. Un ciclo interamente dedicato alle orchestre italiane, formazioni che a dispetto delle difficolt\u00e0 dimostrano una straordinaria vitalit\u00e0 artistica. Uno spaccato variegato, fatto di stili e visioni diverse, con il comune denominatore del fascino che le grandi formazioni possono esercitare sul pubblico.<\/p>\n<p>\u00a0<\/p>\n<p><strong>Estate all\u2019Italiana Festival con <a href=\"https:\/\/www.mittelfest.org\/\">Mittelfest<\/a><\/strong><\/p>\n<p><strong>27 agosto 2021:<\/strong> concerto inaugurale della 30\u00b0 edizione di Mittelfest. Spettacolo creato da <strong>FVG Orchestra<\/strong>, in prima assoluta: Grigor Palikarov dirige l\u2019orchestra, con la partecipazione della giovane solista Erica Piccotti, in uno spettacolo dedicato ai <strong>fiumi d\u2019Europa<\/strong>, lungo il Reno della terza sinfonia di Schumann e la Moldava di Smetana, sostando sul Ponte del Diavolo, reimmaginato musicalmente per l\u2019occasione da Cristian Carrara.<\/p>\n<p>\u00a0<\/p>\n<p><strong>Estate all\u2019Italiana Festival con <a href=\"https:\/\/www.borgatedalvivo.it\/\">Borgate dal vivo<\/a><\/strong><\/p>\n<p><strong>31 agosto 2021: Isabella Ragonese<\/strong> inaugura la sesta edizione di Borgate dal vivo con un evento speciale. Dal cortile interno del Museo Egizio di Torino, l\u2019attrice legger\u00e0 alcuni brani tratti da \u201c<strong>Le Cosmicomiche<\/strong>\u201d di Italo Calvino. La musica dal vivo che accompagner\u00e0 la lettura, sar\u00e0 realizzata da <strong>Riccardo Mazza<\/strong>, curatore del progetto Frequencies.<\/p>\n<p>\u00a0<\/p>\n<p><strong>Estate all\u2019Italiana Festival con Festival <a href=\"https:\/\/centroculturapordenone.it\/pec\/musica\/xxi-festival-internazionale-di-musica-sacra-2020\">Musica Sacra Pordenone<\/a><\/strong><\/p>\n<p><strong>3 settembre 2021: l\u2019Odechaton Ensemble <\/strong>interpreta il <strong>Patriarcharumconcentus<\/strong>, con la direzione di Paolo Da Col. Del ricco e originale patrimonio musicale fiorito in et\u00e0 medievale nella vasta area del Patriarcato di Aquileia poco \u00e8 giunto fino a noi e quanto resta negli antichi codici \u00e8 prevalentemente monodia liturgica o paraliturgica. Il concerto \u201cPatriarcharumconcentus\u201d offre un\u2019esemplificazione della ricchezza di linguaggi e forme musicali (sequenze, discanti, mottetti, inni, mottetti celebrativi, madrigali ecc.) praticate tra XV e XVI secolo nella vasta area del patriarcato, luogo di incontro di lingue e culture diverse e di scambi di conoscenze.<\/p>\n<p>\u00a0<\/p>\n<p><strong>Estate all\u2019Italiana Festival con <a href=\"https:\/\/mascagnifestival.it\/mascagni-festival-2021\/\">Mascagni Festival<\/a><\/strong><\/p>\n<p><strong>10 settembre 2021:<\/strong> un concerto lirico sinfonico tra<strong> Mascagni e Morricone<\/strong>, con Francesca Maionchi (soprano), e <strong>Beatrice Venezi<\/strong> a dirigere l\u2019Orchestra della Toscana.<\/p>\n<p>\u00a0<\/p>\n<p><strong>Estate all\u2019Italiana Festival con <a href=\"https:\/\/www.meranofestival.com\/it\">S\u00fcdtirol festival Merano<\/a><\/strong><\/p>\n<p><strong>12 settembre 2021:<\/strong> l\u2019<strong>Orchestra Haydn di Bolzano e Trento<\/strong> e la Chamber Choir of Europe, dirette da <strong>Karl Jenkins<\/strong>. Il programma prevede la Messa per la Pace \u201cThe Armed Man\u201d.<\/p>\n<p>\u00a0<\/p>\n<p><strong>Estate all\u2019Italiana Festival con <a href=\"https:\/\/www.operaestate.it\/it\/\">Opera Estate Festival<\/a><\/strong><\/p>\n<p><strong>14 settembre 2021: <\/strong>l\u2019<strong>Orchestra di Padova e del Veneto <\/strong>diretta da Marco Angius interpreta una nuova <strong>produzione ideata per l\u2019anniversario dantesco<\/strong>. \u00c8 Il Paradiso di Dante, caposaldo della riflessione musicale di <strong>Salvatore Sciarrino<\/strong> sulla Commedia: un\u2019architettura in suoni che dall\u2019indistinta vibrazione originale, si stratifica seguendo l\u2019ascendere verso il pi\u00f9 alto dei Cieli.<\/p>\n<p>\u00a0<\/p>\n<p><strong>Estate all\u2019Italiana Festival con <a href=\"https:\/\/www.festivalnazioni.com\/\">Festival delle Nazioni<\/a><\/strong><\/p>\n<p><strong>21 settembre 2021: <\/strong>l\u2019<strong>Ensemble Sensus <\/strong>in \u201c<strong>Ut Musica Pictura<\/strong>\u201c, concerto per i cinquecento anni dalla scomparsa di Raffaello.<\/p>\n<p>\u00a0<\/p>\n<p>\u00a0<\/p>\n<\/div>\n<p>\u00a0<\/p>\n","protected":false},"excerpt":{"rendered":"Torna per il secondo anno consecutivo \u201cEstate all\u2019Italiana Festival\u201c, un\u2019iniziativa promossa dal Ministero degli Affari Esteri e della Cooperazione Internazionale, in collaborazione con l\u2019Associazione ItaliaFestival, l\u2019associazione multidisciplinare formata da alcuni tra i pi\u00f9 prestigiosi festival italiani. A partire dal 4 luglio fino al 21 settembre 2021, prende il via un tour virtuale tra i principali [&hellip;]","protected":false},"author":1,"featured_media":0,"comment_status":"","ping_status":"","sticky":false,"template":"","format":"standard","meta":{"footnotes":""},"tags":[],"class_list":["post-1241","post","type-post","status-publish","format-standard","hentry"],"_links":{"self":[{"href":"https:\/\/ambaddisabeba.esteri.it\/it\/wp-json\/wp\/v2\/posts\/1241","targetHints":{"allow":["GET"]}}],"collection":[{"href":"https:\/\/ambaddisabeba.esteri.it\/it\/wp-json\/wp\/v2\/posts"}],"about":[{"href":"https:\/\/ambaddisabeba.esteri.it\/it\/wp-json\/wp\/v2\/types\/post"}],"author":[{"embeddable":true,"href":"https:\/\/ambaddisabeba.esteri.it\/it\/wp-json\/wp\/v2\/users\/1"}],"replies":[{"embeddable":true,"href":"https:\/\/ambaddisabeba.esteri.it\/it\/wp-json\/wp\/v2\/comments?post=1241"}],"version-history":[{"count":0,"href":"https:\/\/ambaddisabeba.esteri.it\/it\/wp-json\/wp\/v2\/posts\/1241\/revisions"}],"wp:attachment":[{"href":"https:\/\/ambaddisabeba.esteri.it\/it\/wp-json\/wp\/v2\/media?parent=1241"}],"wp:term":[{"taxonomy":"post_tag","embeddable":true,"href":"https:\/\/ambaddisabeba.esteri.it\/it\/wp-json\/wp\/v2\/tags?post=1241"}],"curies":[{"name":"wp","href":"https:\/\/api.w.org\/{rel}","templated":true}]}}