{"id":1149,"date":"2023-09-26T13:22:57","date_gmt":"2023-09-26T10:22:57","guid":{"rendered":"https:\/\/ambaddisabeba.esteri.it\/news\/dall_ambasciata\/2023\/09\/italy-is-ryder-cup-2023-roma\/"},"modified":"2023-10-17T16:15:20","modified_gmt":"2023-10-17T13:15:20","slug":"italy-is-ryder-cup-2023-roma","status":"publish","type":"post","link":"https:\/\/ambaddisabeba.esteri.it\/it\/news\/dall_ambasciata\/2023\/09\/italy-is-ryder-cup-2023-roma\/","title":{"rendered":"ITALY IS \u2013 Ryder Cup 2023 Roma"},"content":{"rendered":"<p>Dal 25 settembre al 1\u00b0 ottobre 2023 la Ryder Cup arriva per la prima volta in Italia . Al Marco Simone Golf &amp; Country Club di Roma si terr\u00e0 la 44esima edizione della manifestazione. Si tratta non solo della pi\u00f9 prestigiosa competizione di golf al mondo, ma anche del terzo evento sportivo internazionale pi\u00f9 importante e pi\u00f9 seguito dopo le Olimpiadi e i mondiali di calcio.<\/p>\n<p>Info: <a href=\"https:\/\/www.rydercup.com\/\">https:\/\/www.rydercup.com\/<\/a><\/p>\n<div>\n<div dir=\"auto\"><a role=\"link\" href=\"https:\/\/www.facebook.com\/ItalyMFA.it?__cft__[0]=AZW2pIz55t9CuYXa1e_keDCXrnYa5wURCndzQ3NizFliPPYMGf3ER4tNtbraF-4Xhvhwar_KK7li1FjE11qG4EjJD45xPhBKHxbvAC8F3ZOaDsIauuojk9tgb49vendYXSpiR6q3eTT9lmyCp7CBAIWDrudlFj3aKcaM3B5So44eyhT0Kgh3MD2gymTCPzCQLGc&amp;__tn__=-]K-R\">Ministero degli Affari Esteri e della Cooperazione Internazionale<\/a><\/div>\n<div dir=\"auto\"><a role=\"link\" href=\"https:\/\/www.facebook.com\/Expo2030Roma?__cft__[0]=AZW2pIz55t9CuYXa1e_keDCXrnYa5wURCndzQ3NizFliPPYMGf3ER4tNtbraF-4Xhvhwar_KK7li1FjE11qG4EjJD45xPhBKHxbvAC8F3ZOaDsIauuojk9tgb49vendYXSpiR6q3eTT9lmyCp7CBAIWDrudlFj3aKcaM3B5So44eyhT0Kgh3MD2gymTCPzCQLGc&amp;__tn__=-]K-R\">Expo 2030 Roma<\/a> <a role=\"link\" href=\"https:\/\/www.facebook.com\/RyderCupEurope?__cft__[0]=AZW2pIz55t9CuYXa1e_keDCXrnYa5wURCndzQ3NizFliPPYMGf3ER4tNtbraF-4Xhvhwar_KK7li1FjE11qG4EjJD45xPhBKHxbvAC8F3ZOaDsIauuojk9tgb49vendYXSpiR6q3eTT9lmyCp7CBAIWDrudlFj3aKcaM3B5So44eyhT0Kgh3MD2gymTCPzCQLGc&amp;__tn__=-]K-R\">Ryder Cup Team Europe<\/a><\/div>\n<div dir=\"auto\"><a role=\"link\" href=\"https:\/\/www.facebook.com\/hashtag\/rydercup2023?__eep__=6&amp;__cft__[0]=AZW2pIz55t9CuYXa1e_keDCXrnYa5wURCndzQ3NizFliPPYMGf3ER4tNtbraF-4Xhvhwar_KK7li1FjE11qG4EjJD45xPhBKHxbvAC8F3ZOaDsIauuojk9tgb49vendYXSpiR6q3eTT9lmyCp7CBAIWDrudlFj3aKcaM3B5So44eyhT0Kgh3MD2gymTCPzCQLGc&amp;__tn__=*NK-R\">#rydercup2023<\/a> <a role=\"link\" href=\"https:\/\/www.facebook.com\/hashtag\/visitrome?__eep__=6&amp;__cft__[0]=AZW2pIz55t9CuYXa1e_keDCXrnYa5wURCndzQ3NizFliPPYMGf3ER4tNtbraF-4Xhvhwar_KK7li1FjE11qG4EjJD45xPhBKHxbvAC8F3ZOaDsIauuojk9tgb49vendYXSpiR6q3eTT9lmyCp7CBAIWDrudlFj3aKcaM3B5So44eyhT0Kgh3MD2gymTCPzCQLGc&amp;__tn__=*NK-R\">#visitrome<\/a> <a role=\"link\" href=\"https:\/\/www.facebook.com\/hashtag\/federazionegolf?__eep__=6&amp;__cft__[0]=AZW2pIz55t9CuYXa1e_keDCXrnYa5wURCndzQ3NizFliPPYMGf3ER4tNtbraF-4Xhvhwar_KK7li1FjE11qG4EjJD45xPhBKHxbvAC8F3ZOaDsIauuojk9tgb49vendYXSpiR6q3eTT9lmyCp7CBAIWDrudlFj3aKcaM3B5So44eyhT0Kgh3MD2gymTCPzCQLGc&amp;__tn__=*NK-R\">#federazionegolf<\/a> <a role=\"link\" href=\"https:\/\/www.facebook.com\/federgolflazio?__cft__[0]=AZW2pIz55t9CuYXa1e_keDCXrnYa5wURCndzQ3NizFliPPYMGf3ER4tNtbraF-4Xhvhwar_KK7li1FjE11qG4EjJD45xPhBKHxbvAC8F3ZOaDsIauuojk9tgb49vendYXSpiR6q3eTT9lmyCp7CBAIWDrudlFj3aKcaM3B5So44eyhT0Kgh3MD2gymTCPzCQLGc&amp;__tn__=-]K-R\">FederGolf Lazio<\/a><\/div>\n<\/div>\n<p><iframe loading=\"lazy\" title=\"YouTube video player\" src=\"https:\/\/www.youtube.com\/embed\/ji0fiFqnJKE?si=mdHW4UPMBDUEHoYk\" width=\"560\" height=\"315\" frameborder=\"0\" allowfullscreen=\"allowfullscreen\"><\/iframe><\/p>\n","protected":false},"excerpt":{"rendered":"Dal 25 settembre al 1\u00b0 ottobre 2023 la Ryder Cup arriva per la prima volta in Italia . Al Marco Simone Golf &amp; Country Club di Roma si terr\u00e0 la 44esima edizione della manifestazione. Si tratta non solo della pi\u00f9 prestigiosa competizione di golf al mondo, ma anche del terzo evento sportivo internazionale pi\u00f9 importante [&hellip;]","protected":false},"author":1,"featured_media":0,"comment_status":"closed","ping_status":"closed","sticky":false,"template":"","format":"standard","meta":{"footnotes":""},"tags":[],"class_list":["post-1149","post","type-post","status-publish","format-standard","hentry"],"_links":{"self":[{"href":"https:\/\/ambaddisabeba.esteri.it\/it\/wp-json\/wp\/v2\/posts\/1149","targetHints":{"allow":["GET"]}}],"collection":[{"href":"https:\/\/ambaddisabeba.esteri.it\/it\/wp-json\/wp\/v2\/posts"}],"about":[{"href":"https:\/\/ambaddisabeba.esteri.it\/it\/wp-json\/wp\/v2\/types\/post"}],"author":[{"embeddable":true,"href":"https:\/\/ambaddisabeba.esteri.it\/it\/wp-json\/wp\/v2\/users\/1"}],"replies":[{"embeddable":true,"href":"https:\/\/ambaddisabeba.esteri.it\/it\/wp-json\/wp\/v2\/comments?post=1149"}],"version-history":[{"count":1,"href":"https:\/\/ambaddisabeba.esteri.it\/it\/wp-json\/wp\/v2\/posts\/1149\/revisions"}],"predecessor-version":[{"id":1709,"href":"https:\/\/ambaddisabeba.esteri.it\/it\/wp-json\/wp\/v2\/posts\/1149\/revisions\/1709"}],"wp:attachment":[{"href":"https:\/\/ambaddisabeba.esteri.it\/it\/wp-json\/wp\/v2\/media?parent=1149"}],"wp:term":[{"taxonomy":"post_tag","embeddable":true,"href":"https:\/\/ambaddisabeba.esteri.it\/it\/wp-json\/wp\/v2\/tags?post=1149"}],"curies":[{"name":"wp","href":"https:\/\/api.w.org\/{rel}","templated":true}]}}